{"id":1790,"date":"2021-05-14T00:11:33","date_gmt":"2021-05-14T00:11:33","guid":{"rendered":"https:\/\/211md.org\/?p=1790"},"modified":"2022-12-15T10:35:00","modified_gmt":"2022-12-15T15:35:00","slug":"gobernador-hogan-lt-gobernador-rutherford-reconoce-mayo-como-mes-de-concientizacion-sobre-salud-mental-en-maryland","status":"publish","type":"post","link":"https:\/\/211md.org\/es\/blog\/governor-hogan-lt-governor-rutherford-recognize-may-as-mental-health-awareness-month-in-maryland\/","title":{"rendered":"El gobernador Hogan y el vicegobernador Rutherford reconocen mayo como el mes de concientizaci\u00f3n sobre la salud mental en Maryland"},"content":{"rendered":"<p>El gobernador Larry Hogan declar\u00f3 hoy mayo de 2021 como el Mes de Concientizaci\u00f3n sobre la Salud Mental en Maryland.<\/p>\n\n\n \n<div class=\"wp-block-button\"><a class=\"wp-block-button__link wp-element-button\" href=\"https:\/\/governor.maryland.gov\/2021\/05\/14\/governor-hogan-lt-governor-rutherford-recognize-may-as-mental-health-awareness-month-in-maryland\/\" target=\"_blank\" rel=\"noreferrer noopener\">Ver art\u00edculo aqu\u00ed<\/a><\/div>","protected":false},"excerpt":{"rendered":"<p>El gobernador Larry Hogan declar\u00f3 hoy mayo de 2021 como el Mes de Concientizaci\u00f3n sobre la Salud Mental en Maryland.<\/p>","protected":false},"author":8,"featured_media":1857,"comment_status":"open","ping_status":"open","sticky":false,"template":"","format":"standard","meta":{"footnotes":""},"categories":[6],"tags":[],"class_list":["post-1790","post","type-post","status-publish","format-standard","has-post-thumbnail","hentry","category-news"],"_links":{"self":[{"href":"https:\/\/211md.org\/es\/wp-json\/wp\/v2\/posts\/1790","targetHints":{"allow":["GET"]}}],"collection":[{"href":"https:\/\/211md.org\/es\/wp-json\/wp\/v2\/posts"}],"about":[{"href":"https:\/\/211md.org\/es\/wp-json\/wp\/v2\/types\/post"}],"author":[{"embeddable":true,"href":"https:\/\/211md.org\/es\/wp-json\/wp\/v2\/users\/8"}],"replies":[{"embeddable":true,"href":"https:\/\/211md.org\/es\/wp-json\/wp\/v2\/comments?post=1790"}],"version-history":[{"count":0,"href":"https:\/\/211md.org\/es\/wp-json\/wp\/v2\/posts\/1790\/revisions"}],"wp:featuredmedia":[{"embeddable":true,"href":"https:\/\/211md.org\/es\/wp-json\/wp\/v2\/media\/1857"}],"wp:attachment":[{"href":"https:\/\/211md.org\/es\/wp-json\/wp\/v2\/media?parent=1790"}],"wp:term":[{"taxonomy":"category","embeddable":true,"href":"https:\/\/211md.org\/es\/wp-json\/wp\/v2\/categories?post=1790"},{"taxonomy":"post_tag","embeddable":true,"href":"https:\/\/211md.org\/es\/wp-json\/wp\/v2\/tags?post=1790"}],"curies":[{"name":"Gracias","href":"https:\/\/api.w.org\/{rel}","templated":true}]}}